{"id":736,"date":"2019-11-19T10:48:21","date_gmt":"2019-11-19T09:48:21","guid":{"rendered":"https:\/\/www.hanna-dunkel.de\/blog\/?p=736"},"modified":"2019-11-19T10:48:21","modified_gmt":"2019-11-19T09:48:21","slug":"lesebuehne-kriftel-29-11-2019","status":"publish","type":"post","link":"https:\/\/www.hanna-dunkel.de\/blog\/?p=736","title":{"rendered":"Leseb\u00fchne Kriftel, 29.11.2019"},"content":{"rendered":"\n<ul class=\"wp-block-list\"><li><strong>Connie Albers<\/strong> kommt am Freitag, 29. November 2019 um 20 Uhr mit ihrem Buch <strong>Umarmt von Deinem Engel<\/strong> und verspricht allen eine Erlebnislesung. Dazu gibt es hei\u00dfe Getr\u00e4nke und himmlisches Geb\u00e4ck.<\/li><li>Ort der Veranstaltung: Gemeindeb\u00fccherei Kriftel, Platz von Airaines<\/li><li>Eintritt: 5 \u20ac<\/li><li>Sitzplatzreservierungen erw\u00fcnscht: Tel. 06192 43758<\/li><li> oder Mail: hanna@dunkel.de<\/li><li><\/li><li><strong>Connie Albers<\/strong> malt mit Vorliebe Engel. Das Buch gibt Impulse und Anregung f\u00fcr Menschen, die ihrem Leben wieder mehr Farbe und Lebensfreude verleihen m\u00f6chten. In den Texten geht es um Themen, die vielen Menschen vertraut sind. 52  Engel hat die Malerin darin vereint und jedem eine besondere Farbe gegeben, aber nur einem ein Gesicht.<\/li><\/ul>\n","protected":false},"excerpt":{"rendered":"<p>Connie Albers kommt am Freitag, 29. November 2019 um 20 Uhr mit ihrem Buch Umarmt von Deinem Engel und verspricht &hellip;<\/p>\n","protected":false},"author":3,"featured_media":0,"comment_status":"closed","ping_status":"open","sticky":false,"template":"","format":"standard","meta":{"footnotes":""},"categories":[1],"tags":[],"class_list":["post-736","post","type-post","status-publish","format-standard","hentry","category-allgemein"],"_links":{"self":[{"href":"https:\/\/www.hanna-dunkel.de\/blog\/index.php?rest_route=\/wp\/v2\/posts\/736","targetHints":{"allow":["GET"]}}],"collection":[{"href":"https:\/\/www.hanna-dunkel.de\/blog\/index.php?rest_route=\/wp\/v2\/posts"}],"about":[{"href":"https:\/\/www.hanna-dunkel.de\/blog\/index.php?rest_route=\/wp\/v2\/types\/post"}],"author":[{"embeddable":true,"href":"https:\/\/www.hanna-dunkel.de\/blog\/index.php?rest_route=\/wp\/v2\/users\/3"}],"replies":[{"embeddable":true,"href":"https:\/\/www.hanna-dunkel.de\/blog\/index.php?rest_route=%2Fwp%2Fv2%2Fcomments&post=736"}],"version-history":[{"count":1,"href":"https:\/\/www.hanna-dunkel.de\/blog\/index.php?rest_route=\/wp\/v2\/posts\/736\/revisions"}],"predecessor-version":[{"id":737,"href":"https:\/\/www.hanna-dunkel.de\/blog\/index.php?rest_route=\/wp\/v2\/posts\/736\/revisions\/737"}],"wp:attachment":[{"href":"https:\/\/www.hanna-dunkel.de\/blog\/index.php?rest_route=%2Fwp%2Fv2%2Fmedia&parent=736"}],"wp:term":[{"taxonomy":"category","embeddable":true,"href":"https:\/\/www.hanna-dunkel.de\/blog\/index.php?rest_route=%2Fwp%2Fv2%2Fcategories&post=736"},{"taxonomy":"post_tag","embeddable":true,"href":"https:\/\/www.hanna-dunkel.de\/blog\/index.php?rest_route=%2Fwp%2Fv2%2Ftags&post=736"}],"curies":[{"name":"wp","href":"https:\/\/api.w.org\/{rel}","templated":true}]}}