{"id":1856,"date":"2021-10-16T11:59:44","date_gmt":"2021-10-16T09:59:44","guid":{"rendered":"https:\/\/www.hanna-dunkel.de\/blog\/?p=1856"},"modified":"2021-10-16T11:59:44","modified_gmt":"2021-10-16T09:59:44","slug":"lesebuehne-kriftel-12-11-21","status":"publish","type":"post","link":"https:\/\/www.hanna-dunkel.de\/blog\/?p=1856","title":{"rendered":"Leseb\u00fchne Kriftel 12.11.21"},"content":{"rendered":"\n<p class=\"has-medium-font-size\">Uli Paulus stellt seinen Thriller vor<\/p>\n\n\n\n<p class=\"has-large-font-size\">Aller Tod will Ewigkeit<\/p>\n\n\n\n<p>dazu wird Musik mit Wagnermotiven zu h\u00f6ren sein, die der Sounddesigner Thomas Schmidt bearbeitet hat<\/p>\n\n\n\n<p>Freitag, 12. November 2021 um 20 Uhr<\/p>\n\n\n\n<p>im Foyer des B\u00fcrgerhauses Kriftel, Frankfurter Stra\u00dfe 33 \u2013 37<\/p>\n\n\n\n<p>Es ist der 2. Roman des 46-j\u00e4hrigen Uli Paulus. Er wurde in Heidenheim geboren, studierte Schlagzeug, Sprachwissenschaft und Philosophie. Heute lebt er in N\u00fcrnberg.<\/p>\n\n\n\n<p>Wir haben uns f\u00fcr die 2-G-Regel entschieden. Das hei\u00dft, nur Geimpfte und Genesene d\u00fcrfen teilnehmen. Bitte den entsprechenden Nachweis mitbringen.<\/p>\n\n\n\n<p>Eintritt: \u20ac 7 (inklusive beruhigender Getr\u00e4nke und Geb\u00e4ck in der Pause)<\/p>\n\n\n\n<p>Reservierungen sind notwendig. Tel. 06192 43758 oder Mail: hanna@dunkel.de<\/p>\n\n\n\n<figure class=\"wp-block-image\"><img loading=\"lazy\" decoding=\"async\" width=\"260\" height=\"96\" src=\"https:\/\/www.hanna-dunkel.de\/blog\/wp-content\/uploads\/2021\/10\/kulturforum-logo.gif\" alt=\"\" class=\"wp-image-1857\"\/><\/figure>\n\n\n\n<p><\/p>\n\n\n\n<p><\/p>\n","protected":false},"excerpt":{"rendered":"<p>Uli Paulus stellt seinen Thriller vor Aller Tod will Ewigkeit dazu wird Musik mit Wagnermotiven zu h\u00f6ren sein, die der &hellip;<\/p>\n","protected":false},"author":3,"featured_media":0,"comment_status":"closed","ping_status":"open","sticky":false,"template":"","format":"standard","meta":{"footnotes":""},"categories":[1],"tags":[],"class_list":["post-1856","post","type-post","status-publish","format-standard","hentry","category-allgemein"],"_links":{"self":[{"href":"https:\/\/www.hanna-dunkel.de\/blog\/index.php?rest_route=\/wp\/v2\/posts\/1856","targetHints":{"allow":["GET"]}}],"collection":[{"href":"https:\/\/www.hanna-dunkel.de\/blog\/index.php?rest_route=\/wp\/v2\/posts"}],"about":[{"href":"https:\/\/www.hanna-dunkel.de\/blog\/index.php?rest_route=\/wp\/v2\/types\/post"}],"author":[{"embeddable":true,"href":"https:\/\/www.hanna-dunkel.de\/blog\/index.php?rest_route=\/wp\/v2\/users\/3"}],"replies":[{"embeddable":true,"href":"https:\/\/www.hanna-dunkel.de\/blog\/index.php?rest_route=%2Fwp%2Fv2%2Fcomments&post=1856"}],"version-history":[{"count":1,"href":"https:\/\/www.hanna-dunkel.de\/blog\/index.php?rest_route=\/wp\/v2\/posts\/1856\/revisions"}],"predecessor-version":[{"id":1858,"href":"https:\/\/www.hanna-dunkel.de\/blog\/index.php?rest_route=\/wp\/v2\/posts\/1856\/revisions\/1858"}],"wp:attachment":[{"href":"https:\/\/www.hanna-dunkel.de\/blog\/index.php?rest_route=%2Fwp%2Fv2%2Fmedia&parent=1856"}],"wp:term":[{"taxonomy":"category","embeddable":true,"href":"https:\/\/www.hanna-dunkel.de\/blog\/index.php?rest_route=%2Fwp%2Fv2%2Fcategories&post=1856"},{"taxonomy":"post_tag","embeddable":true,"href":"https:\/\/www.hanna-dunkel.de\/blog\/index.php?rest_route=%2Fwp%2Fv2%2Ftags&post=1856"}],"curies":[{"name":"wp","href":"https:\/\/api.w.org\/{rel}","templated":true}]}}